{"id":914,"date":"2008-02-15T02:15:02","date_gmt":"2008-02-15T02:15:02","guid":{"rendered":"https:\/\/www.leckmichdochamarsch.de\/?p=914"},"modified":"2020-08-18T08:27:40","modified_gmt":"2020-08-18T08:27:40","slug":"valentinstag","status":"publish","type":"post","link":"https:\/\/www.leckmichdochamarsch.de\/?p=914","title":{"rendered":".valentinstag?"},"content":{"rendered":"<p><b><br \/>\n<\/b><br \/>\nvon .mb:<br \/>\n.haltet mich f\u00fcr unromantisch, aber der valentinstag ist nahezu spurlos an mir vor\u00fcber gegangen, und ich bin froh dar\u00fcber!<br \/>\n.eigentlich gab es da nur einen mitleidigen blick im LIDL zu einem mann, der in BBB-manier mit 2 (zwei?!) lausigen gestr\u00fcpp-stengeln an der kasse stand.<br \/>\n.ich frage mich, wann der 4. Juli als gesetzlicher feiertag eingef\u00fchrt wird *kopfsch\u00fcttel*<br \/>\n.in diesem sinne<br \/>\n<img src=\"http:\/\/ds02.dieitexperten.de\/~mb\/huff\/Clipboard02.jpg\"\/><br \/>\n.mb<\/p>\n","protected":false},"excerpt":{"rendered":"<p>von .mb: .haltet mich f\u00fcr unromantisch, aber der valentinstag ist nahezu spurlos an mir vor\u00fcber gegangen, und ich bin froh dar\u00fcber! .eigentlich gab es da nur einen mitleidigen blick im LIDL zu einem mann, der in BBB-manier mit 2 (zwei?!) lausigen gestr\u00fcpp-stengeln an der kasse stand. .ich frage mich, wann der 4. Juli als gesetzlicher&#8230;<\/p>\n","protected":false},"author":3,"featured_media":0,"comment_status":"closed","ping_status":"closed","sticky":false,"template":"","format":"standard","meta":[],"categories":[1],"tags":[],"_links":{"self":[{"href":"https:\/\/www.leckmichdochamarsch.de\/index.php?rest_route=\/wp\/v2\/posts\/914"}],"collection":[{"href":"https:\/\/www.leckmichdochamarsch.de\/index.php?rest_route=\/wp\/v2\/posts"}],"about":[{"href":"https:\/\/www.leckmichdochamarsch.de\/index.php?rest_route=\/wp\/v2\/types\/post"}],"author":[{"embeddable":true,"href":"https:\/\/www.leckmichdochamarsch.de\/index.php?rest_route=\/wp\/v2\/users\/3"}],"replies":[{"embeddable":true,"href":"https:\/\/www.leckmichdochamarsch.de\/index.php?rest_route=%2Fwp%2Fv2%2Fcomments&post=914"}],"version-history":[{"count":1,"href":"https:\/\/www.leckmichdochamarsch.de\/index.php?rest_route=\/wp\/v2\/posts\/914\/revisions"}],"predecessor-version":[{"id":1085,"href":"https:\/\/www.leckmichdochamarsch.de\/index.php?rest_route=\/wp\/v2\/posts\/914\/revisions\/1085"}],"wp:attachment":[{"href":"https:\/\/www.leckmichdochamarsch.de\/index.php?rest_route=%2Fwp%2Fv2%2Fmedia&parent=914"}],"wp:term":[{"taxonomy":"category","embeddable":true,"href":"https:\/\/www.leckmichdochamarsch.de\/index.php?rest_route=%2Fwp%2Fv2%2Fcategories&post=914"},{"taxonomy":"post_tag","embeddable":true,"href":"https:\/\/www.leckmichdochamarsch.de\/index.php?rest_route=%2Fwp%2Fv2%2Ftags&post=914"}],"curies":[{"name":"wp","href":"https:\/\/api.w.org\/{rel}","templated":true}]}}